{"id":497,"date":"2016-06-01T18:58:20","date_gmt":"2016-06-01T16:58:20","guid":{"rendered":"http:\/\/www.tvleer.de\/tv2016\/?p=497"},"modified":"2020-08-27T22:18:03","modified_gmt":"2020-08-27T20:18:03","slug":"chroniken-des-turnverein-leer","status":"publish","type":"post","link":"https:\/\/www.tvleer.de\/tv2016\/chroniken-des-turnverein-leer\/","title":{"rendered":"Chroniken des Turnverein Leer"},"content":{"rendered":"\n<p>Auf dieser Seite finden Sie die Chroniken des Turnvereins zu den &#8222;runden&#8220; Geburtstagen unseres Vereins. Die Chronik zum 150. Jubil\u00e4um k\u00f6nnen Sie k\u00e4uflich erwerben und ist nicht zum Download verf\u00fcgbar.<\/p>\n\n\n\n<div class=\"wp-block-image\"><figure class=\"aligncenter\"><img loading=\"lazy\" decoding=\"async\" width=\"200\" height=\"274\" src=\"https:\/\/www.tvleer.de\/tv2016\/wp-content\/uploads\/2016\/06\/ChronikButton100.png\" alt=\"Chronik zum 100j\u00e4hrigen Jubli\u00e4um\" class=\"wp-image-498\" srcset=\"https:\/\/www.tvleer.de\/tv2016\/wp-content\/uploads\/2016\/06\/ChronikButton100.png 200w, https:\/\/www.tvleer.de\/tv2016\/wp-content\/uploads\/2016\/06\/ChronikButton100-109x150.png 109w\" sizes=\"auto, (max-width: 200px) 100vw, 200px\" \/><figcaption>Chronik zum 100j\u00e4hrigen Jubil\u00e4um<br><\/figcaption><\/figure><\/div>\n\n\n\n<div class=\"wp-block-file aligncenter\"><a href=\"https:\/\/www.tvleer.de\/tv2016\/wp-content\/uploads\/2016\/06\/festschrift_1960.pdf\">Download der Chronik zum 100-j\u00e4hrigen Jubil\u00e4um<\/a><a href=\"https:\/\/www.tvleer.de\/tv2016\/wp-content\/uploads\/2016\/06\/festschrift_1960.pdf\" class=\"wp-block-file__button\" download>Herunterladen<\/a><\/div>\n\n\n\n<p><\/p>\n\n\n\n<div class=\"wp-block-image\"><figure class=\"aligncenter\"><a href=\"https:\/\/www.tvleer.de\/tv2016\/wp-content\/uploads\/2016\/06\/ChronikButton125.png\" rel=\"https:\/\/www.tvleer.de\/tv2016\/wp-content\/uploads\/2016\/06\/festschrift_1985.pdf noopener\"><img loading=\"lazy\" decoding=\"async\" width=\"200\" height=\"276\" src=\"https:\/\/www.tvleer.de\/tv2016\/wp-content\/uploads\/2016\/06\/ChronikButton125.png\" alt=\"Chronik zum 125j\u00e4hrigen Jubli\u00e4um\" class=\"wp-image-499\" srcset=\"https:\/\/www.tvleer.de\/tv2016\/wp-content\/uploads\/2016\/06\/ChronikButton125.png 200w, https:\/\/www.tvleer.de\/tv2016\/wp-content\/uploads\/2016\/06\/ChronikButton125-109x150.png 109w\" sizes=\"auto, (max-width: 200px) 100vw, 200px\" \/><\/a><figcaption>Chronik zum 125j\u00e4hrigen Jubil\u00e4um<\/figcaption><\/figure><\/div>\n\n\n\n<div class=\"wp-block-file aligncenter\"><a href=\"https:\/\/www.tvleer.de\/tv2016\/wp-content\/uploads\/2016\/06\/festschrift_1985.pdf\">Download der Chronik zum 125-j\u00e4hrigen Jubil\u00e4um<\/a><a href=\"https:\/\/www.tvleer.de\/tv2016\/wp-content\/uploads\/2016\/06\/festschrift_1985.pdf\" class=\"wp-block-file__button\" download>Herunterladen<\/a><\/div>\n","protected":false},"excerpt":{"rendered":"<p>Auf dieser Seite finden Sie die Chroniken des Turnvereins zu den &#8222;runden&#8220; Geburtstagen unseres Vereins. Die Chronik zum 150. Jubil\u00e4um k\u00f6nnen Sie k\u00e4uflich erwerben und ist nicht zum Download verf\u00fcgbar.<\/p>\n","protected":false},"author":1,"featured_media":0,"comment_status":"closed","ping_status":"closed","sticky":false,"template":"","format":"standard","meta":{"footnotes":""},"categories":[34],"tags":[],"class_list":["post-497","post","type-post","status-publish","format-standard","hentry","category-der-verein"],"_links":{"self":[{"href":"https:\/\/www.tvleer.de\/tv2016\/wp-json\/wp\/v2\/posts\/497","targetHints":{"allow":["GET"]}}],"collection":[{"href":"https:\/\/www.tvleer.de\/tv2016\/wp-json\/wp\/v2\/posts"}],"about":[{"href":"https:\/\/www.tvleer.de\/tv2016\/wp-json\/wp\/v2\/types\/post"}],"author":[{"embeddable":true,"href":"https:\/\/www.tvleer.de\/tv2016\/wp-json\/wp\/v2\/users\/1"}],"replies":[{"embeddable":true,"href":"https:\/\/www.tvleer.de\/tv2016\/wp-json\/wp\/v2\/comments?post=497"}],"version-history":[{"count":4,"href":"https:\/\/www.tvleer.de\/tv2016\/wp-json\/wp\/v2\/posts\/497\/revisions"}],"predecessor-version":[{"id":1297,"href":"https:\/\/www.tvleer.de\/tv2016\/wp-json\/wp\/v2\/posts\/497\/revisions\/1297"}],"wp:attachment":[{"href":"https:\/\/www.tvleer.de\/tv2016\/wp-json\/wp\/v2\/media?parent=497"}],"wp:term":[{"taxonomy":"category","embeddable":true,"href":"https:\/\/www.tvleer.de\/tv2016\/wp-json\/wp\/v2\/categories?post=497"},{"taxonomy":"post_tag","embeddable":true,"href":"https:\/\/www.tvleer.de\/tv2016\/wp-json\/wp\/v2\/tags?post=497"}],"curies":[{"name":"wp","href":"https:\/\/api.w.org\/{rel}","templated":true}]}}