{"id":235,"date":"2025-01-27T19:10:53","date_gmt":"2025-01-27T18:10:53","guid":{"rendered":"http:\/\/www.tvleer.de\/tv2016\/?p=235"},"modified":"2025-08-24T14:54:49","modified_gmt":"2025-08-24T12:54:49","slug":"erweiterter-vorstand","status":"publish","type":"post","link":"https:\/\/www.tvleer.de\/tv2016\/erweiterter-vorstand\/","title":{"rendered":"Erweiterter Vorstand"},"content":{"rendered":"\n<p>Der erweiterte Vorstand des Turnvereins wird vom gesch\u00e4ftsf\u00fchrenden Vorstand eingesetzt und besteht aus <strong>dem Jugendwart<\/strong> <strong>Paul Markus,<\/strong> <strong>dem Pressewart Wolfgang Scheffler <\/strong>und dem Verantwortlichen f\u00fcr die Internetseite <strong>Lutz Wolters <\/strong>(<strong>Webmaster)<\/strong>.<\/p>\n\n\n\n<!--more-->\n\n\n\n<figure class=\"wp-block-image size-full is-resized\"><img loading=\"lazy\" decoding=\"async\" width=\"976\" height=\"1418\" src=\"https:\/\/www.tvleer.de\/tv2016\/wp-content\/uploads\/2025\/01\/Wolfgang-e1756040066465.jpg\" alt=\"\" class=\"wp-image-1986\" style=\"width:253px;height:auto\" srcset=\"https:\/\/www.tvleer.de\/tv2016\/wp-content\/uploads\/2025\/01\/Wolfgang-e1756040066465.jpg 976w, https:\/\/www.tvleer.de\/tv2016\/wp-content\/uploads\/2025\/01\/Wolfgang-e1756040066465-206x300.jpg 206w, https:\/\/www.tvleer.de\/tv2016\/wp-content\/uploads\/2025\/01\/Wolfgang-e1756040066465-705x1024.jpg 705w, https:\/\/www.tvleer.de\/tv2016\/wp-content\/uploads\/2025\/01\/Wolfgang-e1756040066465-103x150.jpg 103w, https:\/\/www.tvleer.de\/tv2016\/wp-content\/uploads\/2025\/01\/Wolfgang-e1756040066465-768x1116.jpg 768w\" sizes=\"auto, (max-width: 976px) 100vw, 976px\" \/><\/figure>\n\n\n\n<p><strong>Wolfgang Scheffler<\/strong><br>Pressewart<\/p>\n\n\n\n<p><\/p>\n\n\n\n<hr class=\"wp-block-separator has-alpha-channel-opacity\"\/>\n\n\n\n<figure class=\"wp-block-image size-large is-resized\"><img loading=\"lazy\" decoding=\"async\" width=\"772\" height=\"1024\" src=\"https:\/\/www.tvleer.de\/tv2016\/wp-content\/uploads\/2016\/06\/WhatsApp-Bild-2025-01-29-um-18.55.28_5a1ce11b-e1738173451573-772x1024.jpg\" alt=\"\" class=\"wp-image-1911\" style=\"width:250px;height:auto\" srcset=\"https:\/\/www.tvleer.de\/tv2016\/wp-content\/uploads\/2016\/06\/WhatsApp-Bild-2025-01-29-um-18.55.28_5a1ce11b-e1738173451573-772x1024.jpg 772w, https:\/\/www.tvleer.de\/tv2016\/wp-content\/uploads\/2016\/06\/WhatsApp-Bild-2025-01-29-um-18.55.28_5a1ce11b-e1738173451573-226x300.jpg 226w, https:\/\/www.tvleer.de\/tv2016\/wp-content\/uploads\/2016\/06\/WhatsApp-Bild-2025-01-29-um-18.55.28_5a1ce11b-e1738173451573-113x150.jpg 113w, https:\/\/www.tvleer.de\/tv2016\/wp-content\/uploads\/2016\/06\/WhatsApp-Bild-2025-01-29-um-18.55.28_5a1ce11b-e1738173451573-768x1019.jpg 768w, https:\/\/www.tvleer.de\/tv2016\/wp-content\/uploads\/2016\/06\/WhatsApp-Bild-2025-01-29-um-18.55.28_5a1ce11b-e1738173451573.jpg 780w\" sizes=\"auto, (max-width: 772px) 100vw, 772px\" \/><\/figure>\n\n\n\n<p><strong>Paul Markus<\/strong><br>Jugendwart<br>0173 \/ 8653134<\/p>\n\n\n\n<p><br><\/p>\n\n\n\n<hr class=\"wp-block-separator has-alpha-channel-opacity\"\/>\n\n\n\n<figure class=\"wp-block-image size-full\"><img loading=\"lazy\" decoding=\"async\" width=\"214\" height=\"322\" src=\"https:\/\/www.tvleer.de\/tv2016\/wp-content\/uploads\/2016\/06\/Lutz.jpg\" alt=\"\" class=\"wp-image-211\" srcset=\"https:\/\/www.tvleer.de\/tv2016\/wp-content\/uploads\/2016\/06\/Lutz.jpg 214w, https:\/\/www.tvleer.de\/tv2016\/wp-content\/uploads\/2016\/06\/Lutz-100x150.jpg 100w, https:\/\/www.tvleer.de\/tv2016\/wp-content\/uploads\/2016\/06\/Lutz-199x300.jpg 199w\" sizes=\"auto, (max-width: 214px) 100vw, 214px\" \/><\/figure>\n\n\n\n<p><strong>Lutz Wolters<\/strong><br>Webmaster<br><div id=\"simple-contact-form-wrap\">\r\n\t\t<div id=\"simple-contact-form\" class=\"scf\">\r\n\t\t\t<form action=\"#simple-contact-form-wrap\" method=\"post\">\r\n\t\t\t\t<div class=\"scf-row scf-name\">\r\n\t\t\t\t\t<label for=\"scf_name\">Ihr Name<\/label>\r\n\t\t\t\t\t<input name=\"scf_name\" id=\"scf_name\" type=\"text\" size=\"33\" maxlength=\"99\" value=\"\" placeholder=\"Ihr Name\" \/>\r\n\t\t\t\t<\/div>\r\n\t\t\t\t<div class=\"scf-row scf-email\">\r\n\t\t\t\t\t<label for=\"scf_email\">Ihre Email-Adresse<\/label>\r\n\t\t\t\t\t<input name=\"scf_email\" id=\"scf_email\" type=\"text\" size=\"33\" maxlength=\"99\" value=\"\" placeholder=\"Ihre Email-Adresse\" \/>\r\n\t\t\t\t<\/div>\r\n\t\t<div class=\"scf-row scf-confirm-email\">\r\n\t\t\t<label for=\"scf_confirm_email\">Confirm Your Email<\/label>\r\n\t\t\t<input name=\"scf_confirm_email\" id=\"scf_confirm_email\" type=\"text\" size=\"33\" maxlength=\"99\" value=\"\" placeholder=\"Confirm Your Email\" \/>\r\n\t\t<\/div>\r\n\t\t\t<div class=\"scf-row scf-website3dhhsy3\">\r\n\t\t\t\t<label for=\"website3dhhsy3\">Leave this field empty<\/label>\r\n\t\t\t\t<input type=\"text\" name=\"website3dhhsy3\" tabindex=\"-1\" autocomplete=\"off\" \/>\r\n\t\t\t<\/div>\r\n\t\t\t\t<div class=\"scf-row scf-message\">\r\n\t\t\t\t\t<label for=\"scf_message\">Ihre Nachricht<\/label>\r\n\t\t\t\t\t<textarea name=\"scf_message\" id=\"scf_message\" cols=\"33\" rows=\"7\" placeholder=\"Ihre Nachricht\"><\/textarea>\r\n\t\t\t\t<\/div><div class=\"scf-submit\">\r\n\t\t\t\t\t<input type=\"submit\" id=\"scf-button\" value=\"Nachricht senden\">\r\n\t\t\t\t\t<input type=\"hidden\" id=\"scf-key\" name=\"scf-key\" value=\"process\">\r\n\t\t\t\t\t<input type=\"hidden\" id=\"scf-nonce\" name=\"scf-nonce\" value=\"af88ca393f\" \/>\r\n\t\t\t\t<\/div>\t<div class=\"scf-confirm-checkbox\">\r\n\t\t<label><input type=\"checkbox\" required> Ich bin damit einverstanden, dass diese Website die von mir \u00fcbermittelten Daten speichert, damit sie auf meine Anfrage antworten kann. In unserer Datenschutzerkl\u00e4rung erfahren Sie mehr dar\u00fcber, wie wir Daten verwenden.<\/label>\r\n\t<\/div><!-- .scf-confirm-checkbox -->\r\n\t<\/form>\r\n\t\t<\/div>\r\n\t\t<style>.scf-confirm-checkbox { margin-top: 15px; } .scf-website3dhhsy3 { display: none; } #simple-contact-form .scf-row { width: 100%; overflow: hidden; margin: 5px 0; padding: 5px 0; border: 0; } #simple-contact-form .scf-row input { box-sizing: border-box; float: left; clear: none; width: 75%; margin: 0; } #simple-contact-form .scf-row label { box-sizing: border-box; float: left; clear: both; width: 25%; margin-top: 5px; font-size: 90%; } #simple-contact-form .scf-row textarea { box-sizing: border-box; float: left; clear: both; width: 100%; margin-top: 2px; }#simple-contact-form form { max-width: 700px; padding: 5px; } #simple-contact-form .scf-row { width: 100%; overflow: hidden; margin: 5px 0; padding: 5px 0; border: 0; } #simple-contact-form .scf-row input { box-sizing: border-box; float: left; clear: none; width: 75%; margin: 0; } #simple-contact-form .scf-row label { box-sizing: border-box; float: left; clear: both; width: 25%; margin-top: 5px; font-size: 90%; } #simple-contact-form .scf-row textarea { box-sizing: border-box; float: left; clear: both; width: 100%; margin-top: 2px; } #scf_success pre { white-space: pre-wrap; } p.scf_error, p.scf_spam { color: #cc0000; } div.scf-submit { margin-top: 10px; } p.scf_success { color: #669966; } .scf-confirm-checkbox { margin-top: 15px; } .scf-website3dhhsy3 { display: none; }<\/style><div style=\"clear:both\">&nbsp;<\/div><\/div><\/p>\n","protected":false},"excerpt":{"rendered":"<p>Der erweiterte Vorstand des Turnvereins wird vom gesch\u00e4ftsf\u00fchrenden Vorstand eingesetzt und besteht aus dem Jugendwart Paul Markus, dem Pressewart Wolfgang Scheffler und dem Verantwortlichen f\u00fcr die Internetseite Lutz Wolters (Webmaster).<\/p>\n","protected":false},"author":1,"featured_media":0,"comment_status":"closed","ping_status":"closed","sticky":false,"template":"","format":"standard","meta":{"footnotes":""},"categories":[37],"tags":[],"class_list":["post-235","post","type-post","status-publish","format-standard","hentry","category-vorstand"],"_links":{"self":[{"href":"https:\/\/www.tvleer.de\/tv2016\/wp-json\/wp\/v2\/posts\/235","targetHints":{"allow":["GET"]}}],"collection":[{"href":"https:\/\/www.tvleer.de\/tv2016\/wp-json\/wp\/v2\/posts"}],"about":[{"href":"https:\/\/www.tvleer.de\/tv2016\/wp-json\/wp\/v2\/types\/post"}],"author":[{"embeddable":true,"href":"https:\/\/www.tvleer.de\/tv2016\/wp-json\/wp\/v2\/users\/1"}],"replies":[{"embeddable":true,"href":"https:\/\/www.tvleer.de\/tv2016\/wp-json\/wp\/v2\/comments?post=235"}],"version-history":[{"count":7,"href":"https:\/\/www.tvleer.de\/tv2016\/wp-json\/wp\/v2\/posts\/235\/revisions"}],"predecessor-version":[{"id":1988,"href":"https:\/\/www.tvleer.de\/tv2016\/wp-json\/wp\/v2\/posts\/235\/revisions\/1988"}],"wp:attachment":[{"href":"https:\/\/www.tvleer.de\/tv2016\/wp-json\/wp\/v2\/media?parent=235"}],"wp:term":[{"taxonomy":"category","embeddable":true,"href":"https:\/\/www.tvleer.de\/tv2016\/wp-json\/wp\/v2\/categories?post=235"},{"taxonomy":"post_tag","embeddable":true,"href":"https:\/\/www.tvleer.de\/tv2016\/wp-json\/wp\/v2\/tags?post=235"}],"curies":[{"name":"wp","href":"https:\/\/api.w.org\/{rel}","templated":true}]}}