{"id":1951,"date":"2025-04-08T16:01:49","date_gmt":"2025-04-08T14:01:49","guid":{"rendered":"https:\/\/www.tvleer.de\/tv2016\/?p=1951"},"modified":"2025-07-22T14:51:38","modified_gmt":"2025-07-22T12:51:38","slug":"vereinsinterner-turn-wettkampf-beim-tv-leer-ein-toller-tag-voller-spass","status":"publish","type":"post","link":"https:\/\/www.tvleer.de\/tv2016\/vereinsinterner-turn-wettkampf-beim-tv-leer-ein-toller-tag-voller-spass\/","title":{"rendered":"Vereinsinterner Turn-Wettkampf beim TV Leer: Ein toller Tag voller Spa\u00df!"},"content":{"rendered":"\n<p>Am 22. M\u00e4rz war es endlich wieder soweit \u2013 der zweite vereinsinterne Wettkampf des TV Leer ging \u00fcber die B\u00fchne! 33 begeisterte Turnerinnen und Turner aus verschiedenen Altersgruppen nahmen teil und hatten jede Menge Spa\u00df. Jeder konnte sich zwei von vier klassischen Ger\u00e4tturn-Ger\u00e4ten aussuchen und die G-\u00dcbungen zeigen: Boden, Schwebebalken, Reck oder Stufenbarren und Sprung. Die \u00dcbungen sind zwar standardisiert und kommen auch bei anderen Wettk\u00e4mpfen zum Einsatz, aber hier stand nicht der Wettkampfdruck im Vordergrund. Vielmehr konnten sich die Kinder in einer vertrauten und entspannten Atmosph\u00e4re einfach mal ausprobieren und zeigen, was sie draufhaben.<\/p>\n\n\n\n<p>Die j\u00fcngsten Teilnehmer waren gerade mal 4 Jahre alt, die \u00e4ltesten bis zu 16 Jahre. Es war wirklich toll zu sehen, wie alle mit voller Energie dabei waren \u2013 von den Kleinsten bis zu den Gro\u00dfen!<\/p>\n\n\n\n<p>Besonders sch\u00f6n war, dass auch Familien und Freunde mit dabei sein konnten, um die Kids anzufeuern. Es herrschte eine super Stimmung, und die Zuschauer sorgten mit viel Applaus f\u00fcr eine tolle Atmosph\u00e4re.<\/p>\n\n\n\n<figure class=\"wp-block-image size-large\"><img loading=\"lazy\" decoding=\"async\" width=\"768\" height=\"1024\" src=\"https:\/\/www.tvleer.de\/tv2016\/wp-content\/uploads\/2025\/04\/image4-768x1024.jpeg\" alt=\"\" class=\"wp-image-1952\" srcset=\"https:\/\/www.tvleer.de\/tv2016\/wp-content\/uploads\/2025\/04\/image4-768x1024.jpeg 768w, https:\/\/www.tvleer.de\/tv2016\/wp-content\/uploads\/2025\/04\/image4-225x300.jpeg 225w, https:\/\/www.tvleer.de\/tv2016\/wp-content\/uploads\/2025\/04\/image4-113x150.jpeg 113w, https:\/\/www.tvleer.de\/tv2016\/wp-content\/uploads\/2025\/04\/image4-1152x1536.jpeg 1152w, https:\/\/www.tvleer.de\/tv2016\/wp-content\/uploads\/2025\/04\/image4-1536x2048.jpeg 1536w, https:\/\/www.tvleer.de\/tv2016\/wp-content\/uploads\/2025\/04\/image4-scaled.jpeg 1920w\" sizes=\"auto, (max-width: 768px) 100vw, 768px\" \/><\/figure>\n\n\n\n<p>F\u00fcr das leibliche Wohl war nat\u00fcrlich auch bestens gesorgt! Ein tolles Snack-Buffet, das mit viel Liebe von vielen Helferinnen und Helfern zusammengestellt wurde, bot frisches Obst, Gem\u00fcse, Br\u00f6tchen, S\u00fc\u00dfigkeiten und nat\u00fcrlich auch Getr\u00e4nke wie Tee, Kaffee und Softdrinks. So konnten sich alle st\u00e4rken und in gem\u00fctlicher Runde miteinander plaudern.<\/p>\n\n\n\n<p>Ein riesiges Dankesch\u00f6n geht an die vielen helfenden H\u00e4nde, die diesen Tag \u00fcberhaupt erst m\u00f6glich gemacht haben \u2013 sei es bei der Unterst\u00fctzung der Turnerinnen und Turner, den wertenden Aufgaben oder dem mentalen Support. Auch ein gro\u00dfes Dankesch\u00f6n an Reiseoptimo als Sponsor f\u00fcr eine neue Ladung Sportklamotten! Ohne euch w\u00e4re dieser wundervolle Tag nicht so gelungen!<\/p>\n\n\n\n<p>Alles in allem war der Wettkampf ein voller Erfolg und ein wundersch\u00f6ner Tag, der den Zusammenhalt im Verein noch weiter gest\u00e4rkt hat. Es hat riesigen Spa\u00df gemacht, und wir freuen uns schon auf das n\u00e4chste Event!<\/p>\n\n\n\n<figure class=\"wp-block-image size-large\"><img loading=\"lazy\" decoding=\"async\" width=\"1024\" height=\"547\" src=\"https:\/\/www.tvleer.de\/tv2016\/wp-content\/uploads\/2025\/04\/image0-1-1024x547.jpeg\" alt=\"\" class=\"wp-image-1954\" srcset=\"https:\/\/www.tvleer.de\/tv2016\/wp-content\/uploads\/2025\/04\/image0-1-1024x547.jpeg 1024w, https:\/\/www.tvleer.de\/tv2016\/wp-content\/uploads\/2025\/04\/image0-1-300x160.jpeg 300w, https:\/\/www.tvleer.de\/tv2016\/wp-content\/uploads\/2025\/04\/image0-1-150x80.jpeg 150w, https:\/\/www.tvleer.de\/tv2016\/wp-content\/uploads\/2025\/04\/image0-1-768x410.jpeg 768w, https:\/\/www.tvleer.de\/tv2016\/wp-content\/uploads\/2025\/04\/image0-1-1536x820.jpeg 1536w, https:\/\/www.tvleer.de\/tv2016\/wp-content\/uploads\/2025\/04\/image0-1.jpeg 2048w\" sizes=\"auto, (max-width: 1024px) 100vw, 1024px\" \/><\/figure>\n","protected":false},"excerpt":{"rendered":"<p>Am 22. M\u00e4rz war es endlich wieder soweit \u2013 der zweite vereinsinterne Wettkampf des TV Leer ging \u00fcber die B\u00fchne! 33 begeisterte Turnerinnen und Turner aus verschiedenen Altersgruppen nahmen teil und hatten jede Menge Spa\u00df. Jeder konnte sich zwei von vier klassischen Ger\u00e4tturn-Ger\u00e4ten aussuchen und die G-\u00dcbungen zeigen: Boden, Schwebebalken, Reck oder Stufenbarren und Sprung. Die \u00dcbungen sind zwar standardisiert [&hellip;]<\/p>\n","protected":false},"author":1,"featured_media":1953,"comment_status":"closed","ping_status":"closed","sticky":false,"template":"","format":"standard","meta":{"footnotes":""},"categories":[11],"tags":[],"class_list":["post-1951","post","type-post","status-publish","format-standard","has-post-thumbnail","hentry","category-neuigkeiten"],"_links":{"self":[{"href":"https:\/\/www.tvleer.de\/tv2016\/wp-json\/wp\/v2\/posts\/1951","targetHints":{"allow":["GET"]}}],"collection":[{"href":"https:\/\/www.tvleer.de\/tv2016\/wp-json\/wp\/v2\/posts"}],"about":[{"href":"https:\/\/www.tvleer.de\/tv2016\/wp-json\/wp\/v2\/types\/post"}],"author":[{"embeddable":true,"href":"https:\/\/www.tvleer.de\/tv2016\/wp-json\/wp\/v2\/users\/1"}],"replies":[{"embeddable":true,"href":"https:\/\/www.tvleer.de\/tv2016\/wp-json\/wp\/v2\/comments?post=1951"}],"version-history":[{"count":1,"href":"https:\/\/www.tvleer.de\/tv2016\/wp-json\/wp\/v2\/posts\/1951\/revisions"}],"predecessor-version":[{"id":1955,"href":"https:\/\/www.tvleer.de\/tv2016\/wp-json\/wp\/v2\/posts\/1951\/revisions\/1955"}],"wp:featuredmedia":[{"embeddable":true,"href":"https:\/\/www.tvleer.de\/tv2016\/wp-json\/wp\/v2\/media\/1953"}],"wp:attachment":[{"href":"https:\/\/www.tvleer.de\/tv2016\/wp-json\/wp\/v2\/media?parent=1951"}],"wp:term":[{"taxonomy":"category","embeddable":true,"href":"https:\/\/www.tvleer.de\/tv2016\/wp-json\/wp\/v2\/categories?post=1951"},{"taxonomy":"post_tag","embeddable":true,"href":"https:\/\/www.tvleer.de\/tv2016\/wp-json\/wp\/v2\/tags?post=1951"}],"curies":[{"name":"wp","href":"https:\/\/api.w.org\/{rel}","templated":true}]}}